{"id":30264,"date":"2022-06-16T00:39:43","date_gmt":"2022-06-15T22:39:43","guid":{"rendered":"https:\/\/aclama.be\/musicalite\/"},"modified":"2022-06-25T18:58:21","modified_gmt":"2022-06-25T16:58:21","slug":"musicalite","status":"publish","type":"post","link":"https:\/\/aclama.be\/fr\/musicalite\/","title":{"rendered":"Musicalit\u00e9"},"content":{"rendered":"<p>[et_pb_section fb_built=\u00a0\u00bb1&Prime; _builder_version=\u00a0\u00bb4.17.4&Prime; _module_preset=\u00a0\u00bbdefault\u00a0\u00bb custom_padding=\u00a0\u00bb9px||4px|||\u00a0\u00bb global_colors_info=\u00a0\u00bb{}\u00a0\u00bb][et_pb_row _builder_version=\u00a0\u00bb4.17.4&Prime; _module_preset=\u00a0\u00bbdefault\u00a0\u00bb custom_margin=\u00a0\u00bb|auto|18px|auto||\u00a0\u00bb global_colors_info=\u00a0\u00bb{}\u00a0\u00bb][et_pb_column type=\u00a0\u00bb4_4&Prime; _builder_version=\u00a0\u00bb4.17.4&Prime; _module_preset=\u00a0\u00bbdefault\u00a0\u00bb global_colors_info=\u00a0\u00bb{}\u00a0\u00bb][et_pb_text _builder_version=\u00a0\u00bb4.17.4&Prime; _module_preset=\u00a0\u00bbdefault\u00a0\u00bb global_colors_info=\u00a0\u00bb{}\u00a0\u00bb]<\/p>\n<p>Cet article a \u00e9t\u00e9 \u00e9crit par Camilo C\u00f3rdoba, et est disponible en <a href=\"https:\/\/aclama.be\/fr\/musicalite\/\">fran\u00e7ais<\/a> et en <a href=\"https:\/\/camilocordoba.com\/musicalidad-en-la-danza\/\" target=\"_blank\" rel=\"noopener\">espa\u00f1ol<\/a>.<\/p>\n<p>[\/et_pb_text][et_pb_image src=\u00a0\u00bbhttps:\/\/aclama.be\/wp-content\/uploads\/2022\/06\/banner-Musicality.jpeg\u00a0\u00bb alt=\u00a0\u00bbMusicality banner &#8211; by Andrea Bu\u00a0\u00bb title_text=\u00a0\u00bbbanner &#8211; Musicality\u00a0\u00bb _builder_version=\u00a0\u00bb4.17.4&Prime; _module_preset=\u00a0\u00bbdefault\u00a0\u00bb custom_margin=\u00a0\u00bb||39px|||\u00a0\u00bb hover_enabled=\u00a0\u00bb0&Prime; global_colors_info=\u00a0\u00bb{}\u00a0\u00bb url=\u00a0\u00bbhttps:\/\/aclama.be\/musicality-course\/\u00a0\u00bb sticky_enabled=\u00a0\u00bb0&Prime;][\/et_pb_image][et_pb_text _builder_version=\u00a0\u00bb4.17.4&Prime; _module_preset=\u00a0\u00bbdefault\u00a0\u00bb global_colors_info=\u00a0\u00bb{}\u00a0\u00bb]<\/p>\n<p>Dans ce chapitre, nous allons analyser le point peut-\u00eatre le plus pertinent de la musicalit\u00e9 : <strong>La musicalit\u00e9 dans la danse<\/strong>. Nous parlerons de l&rsquo;\u00e9coute active, del&rsquo;expression corporelleet de la fa\u00e7on de <strong>travailler la musicalit\u00e9<\/strong>.<\/p>\n<p>[\/et_pb_text][\/et_pb_column][\/et_pb_row][\/et_pb_section][et_pb_section fb_built=\u00a0\u00bb1&Prime; _builder_version=\u00a0\u00bb4.17.4&Prime; _module_preset=\u00a0\u00bbdefault\u00a0\u00bb custom_margin=\u00a0\u00bb-7px||11px|||\u00a0\u00bb custom_padding=\u00a0\u00bb7px||7px|||\u00a0\u00bb global_colors_info=\u00a0\u00bb{}\u00a0\u00bb][et_pb_row _builder_version=\u00a0\u00bb4.17.4&Prime; _module_preset=\u00a0\u00bbdefault\u00a0\u00bb custom_margin=\u00a0\u00bb|auto|1px|auto||\u00a0\u00bb global_colors_info=\u00a0\u00bb{}\u00a0\u00bb][et_pb_column type=\u00a0\u00bb4_4&Prime; _builder_version=\u00a0\u00bb4.17.4&Prime; _module_preset=\u00a0\u00bbdefault\u00a0\u00bb global_colors_info=\u00a0\u00bb{}\u00a0\u00bb][et_pb_text _builder_version=\u00a0\u00bb4.17.4&Prime; _module_preset=\u00a0\u00bbdefault\u00a0\u00bb global_colors_info=\u00a0\u00bb{}\u00a0\u00bb]<\/p>\n<h2>Qu\u2019 est-ce que la Musicalit\u00e9 ?<\/h2>\n<p>[\/et_pb_text][et_pb_text _builder_version=\u00a0\u00bb4.17.4&Prime; _module_preset=\u00a0\u00bbdefault\u00a0\u00bb global_colors_info=\u00a0\u00bb{}\u00a0\u00bb]<\/p>\n<p>Comme nous l&rsquo;avons d\u00e9j\u00e0 vu dans le chapitre pr\u00e9c\u00e9dent, le terme \u00ab\u00a0musicalit\u00e9\u00a0\u00bb est un concept tellement vaste, abstrait et parfois difficile \u00e0 comprendre que nous avons commenc\u00e9 par l&rsquo;aborder sous diff\u00e9rents aspects : la musicalit\u00e9 dans la parole, la po\u00e9sie et la r\u00e9citation.<\/p>\n<p>Si vous n&rsquo;avez pas encore lu le chapitre pr\u00e9c\u00e9dent, je vous recommande de commencer par l\u00e0 : <a href=\"https:\/\/aclama.be\/what-is-musicality\/\">Qu&rsquo;est-ce que la musicalit\u00e9 ?<\/a><\/p>\n<p>[\/et_pb_text][\/et_pb_column][\/et_pb_row][\/et_pb_section][et_pb_section fb_built=\u00a0\u00bb1&Prime; _builder_version=\u00a0\u00bb4.17.4&Prime; _module_preset=\u00a0\u00bbdefault\u00a0\u00bb custom_padding=\u00a0\u00bb7px||8px|||\u00a0\u00bb global_colors_info=\u00a0\u00bb{}\u00a0\u00bb][et_pb_row _builder_version=\u00a0\u00bb4.17.4&Prime; _module_preset=\u00a0\u00bbdefault\u00a0\u00bb custom_padding=\u00a0\u00bb13px|||||\u00a0\u00bb global_colors_info=\u00a0\u00bb{}\u00a0\u00bb][et_pb_column type=\u00a0\u00bb4_4&Prime; _builder_version=\u00a0\u00bb4.17.4&Prime; _module_preset=\u00a0\u00bbdefault\u00a0\u00bb global_colors_info=\u00a0\u00bb{}\u00a0\u00bb][et_pb_text _builder_version=\u00a0\u00bb4.17.4&Prime; _module_preset=\u00a0\u00bbdefault\u00a0\u00bb global_colors_info=\u00a0\u00bb{}\u00a0\u00bb]<\/p>\n<h2>La musicalit\u00e9 dans la danse<\/h2>\n<p>[\/et_pb_text][et_pb_text _builder_version=\u00a0\u00bb4.17.4&Prime; _module_preset=\u00a0\u00bbdefault\u00a0\u00bb custom_margin=\u00a0\u00bb||50px|||\u00a0\u00bb global_colors_info=\u00a0\u00bb{}\u00a0\u00bb]<\/p>\n<p>En danse, la musicalit\u00e9 est comprise comme la capacit\u00e9 d&rsquo;exprimer par le mouvement ce que la musique nous dit et nous fait ressentir. <\/p>\n<p>Et dans cette fusion de musique et danse, le mouvement du corps et sa capacit\u00e9 d&rsquo;expression prennent la place du langage.<\/p>\n<p><strong>Pour le spectateur, la musicalit\u00e9 implique une correspondance entre ce qui est vu et ce qui est entendu.<\/strong> Il existe une corr\u00e9lation entre les parties, comme des pi\u00e8ces qui s&#8217;embo\u00eetent, ce qui provoque un sentiment de bien-\u00eatre. <\/p>\n<p><strong>Pour le danseur, cela g\u00e9n\u00e8re le sentiment de faire partie de cette musique<\/strong>, il a l&rsquo;impression que la musique g\u00e9n\u00e8re notre mouvement de mani\u00e8re organique ou naturelle.<\/p>\n<p>[\/et_pb_text][et_pb_video src=\u00a0\u00bbhttps:\/\/youtu.be\/m5CFJlzlGKM\u00a0\u00bb _builder_version=\u00a0\u00bb4.17.4&Prime; _module_preset=\u00a0\u00bbdefault\u00a0\u00bb global_colors_info=\u00a0\u00bb{}\u00a0\u00bb][\/et_pb_video][et_pb_video _builder_version=\u00a0\u00bb4.17.4&Prime; _module_preset=\u00a0\u00bbdefault\u00a0\u00bb global_colors_info=\u00a0\u00bb{}\u00a0\u00bb][\/et_pb_video][et_pb_video _builder_version=\u00a0\u00bb4.17.4&Prime; _module_preset=\u00a0\u00bbdefault\u00a0\u00bb custom_margin=\u00a0\u00bb49px|||||\u00a0\u00bb global_colors_info=\u00a0\u00bb{}\u00a0\u00bb][\/et_pb_video][et_pb_text _builder_version=\u00a0\u00bb4.17.4&Prime; _module_preset=\u00a0\u00bbdefault\u00a0\u00bb custom_padding=\u00a0\u00bb||6px|||\u00a0\u00bb global_colors_info=\u00a0\u00bb{}\u00a0\u00bb]<\/p>\n<blockquote>\n<p>\u00ab\u00a0On dit d&rsquo;une personne qu&rsquo;elle est musicale lorsqu&rsquo;elle r\u00e9agit aux stimuli sonores (absorption) et s&rsquo;exprime de mani\u00e8re spontan\u00e9e sur le plan sonore (projection).<\/p>\n<p>La sensibilit\u00e9 musicale, la musicalit\u00e9, correspond donc [&#8230;] au fait de pouvoir comprendre et ressentir le langage de la musique comme g\u00e9n\u00e9rateur de d\u00e9sirs, d&rsquo;\u00e9motions et de sentiments.<\/p>\n<p>Elle inclut \u00e9galement la capacit\u00e9 \u00e0 l&rsquo;int\u00e9rioriser, \u00e0 la reproduire, voire \u00e0 l&rsquo;improviser, sans aucune r\u00e9flexion intellectuelle.\u00a0\u00bb<\/p>\n<\/blockquote>\n<p>[\/et_pb_text][et_pb_text _builder_version=\u00a0\u00bb4.17.4&Prime; _module_preset=\u00a0\u00bbdefault\u00a0\u00bb global_colors_info=\u00a0\u00bb{}\u00a0\u00bb]<\/p>\n<p>Il est int\u00e9ressant de noter ces deux m\u00e9canismes propos\u00e9s dans la phrase pr\u00e9c\u00e9dente : <strong>l&rsquo;absorption et la projection<\/strong>, qui impliquent directement les processus que nous allons analyser dans le segment suivant : la <strong>perception et l&rsquo;expression<\/strong>.<\/p>\n<p>\u00c0 partir de maintenant, nous utiliserons ces termes (Perception et Expression) pour d\u00e9signer ces processus.<\/p>\n<p>[\/et_pb_text][et_pb_image src=\u00a0\u00bbhttps:\/\/aclama.be\/wp-content\/uploads\/2022\/06\/Bailarina-en-movimiento-Photo-by-Ahmad-Odeh.jpeg\u00a0\u00bb alt=\u00a0\u00bbDancer in movement &#8211; Photo by Ahmad Odeh\u00a0\u00bb title_text=\u00a0\u00bbBailarina en movimiento &#8211; Photo by Ahmad Odeh\u00a0\u00bb align=\u00a0\u00bbcenter\u00a0\u00bb _builder_version=\u00a0\u00bb4.17.4&Prime; _module_preset=\u00a0\u00bbdefault\u00a0\u00bb module_alignment=\u00a0\u00bbleft\u00a0\u00bb custom_margin=\u00a0\u00bb50px||41px|||\u00a0\u00bb global_colors_info=\u00a0\u00bb{}\u00a0\u00bb][\/et_pb_image][et_pb_text _builder_version=\u00a0\u00bb4.17.4&Prime; _module_preset=\u00a0\u00bbdefault\u00a0\u00bb global_colors_info=\u00a0\u00bb{}\u00a0\u00bb]<\/p>\n<p>Le monde de la danse \u00e9tant vaste et diversifi\u00e9 dans ses styles, je me concentrerai sur le <strong>genre tango<\/strong>, car c&rsquo;est le domaine dans lequel je me suis sp\u00e9cialis\u00e9 en tant que musicien professionnel (+ d&rsquo;infos dans <a href=\"https:\/\/camilocordoba.com\/biography\/\" target=\"_blank\" rel=\"noopener\">BIO<\/a>), et dans lequel je me suis plong\u00e9 en tant que danseur amateur il y a quelques ann\u00e9es.<\/p>\n<p>[\/et_pb_text][\/et_pb_column][\/et_pb_row][\/et_pb_section][et_pb_section fb_built=\u00a0\u00bb1&Prime; _builder_version=\u00a0\u00bb4.17.4&Prime; _module_preset=\u00a0\u00bbdefault\u00a0\u00bb custom_padding=\u00a0\u00bb7px||5px|||\u00a0\u00bb global_colors_info=\u00a0\u00bb{}\u00a0\u00bb][et_pb_row _builder_version=\u00a0\u00bb4.17.4&Prime; _module_preset=\u00a0\u00bbdefault\u00a0\u00bb global_colors_info=\u00a0\u00bb{}\u00a0\u00bb][et_pb_column type=\u00a0\u00bb4_4&Prime; _builder_version=\u00a0\u00bb4.17.4&Prime; _module_preset=\u00a0\u00bbdefault\u00a0\u00bb global_colors_info=\u00a0\u00bb{}\u00a0\u00bb][et_pb_text _builder_version=\u00a0\u00bb4.17.4&Prime; _module_preset=\u00a0\u00bbdefault\u00a0\u00bb global_colors_info=\u00a0\u00bb{}\u00a0\u00bb]<\/p>\n<h2>La musicalit\u00e9 dans le tango<\/h2>\n<p>[\/et_pb_text][et_pb_text _builder_version=\u00a0\u00bb4.17.4&Prime; _module_preset=\u00a0\u00bbdefault\u00a0\u00bb custom_margin=\u00a0\u00bb||40px|||\u00a0\u00bb global_colors_info=\u00a0\u00bb{}\u00a0\u00bb]<\/p>\n<p>La musicalit\u00e9 en danse est un processus qui exige \u00e0 la fois d&rsquo;\u00eatre <strong>perceptif<\/strong> (sensible \u00e0 la musique jou\u00e9e) et <strong>expressif<\/strong> (capable de transformer des informations et des \u00e9motions en mouvements). <\/p>\n<p>De plus, le tango \u00e9tant une danse de couple, il n\u00e9cessite \u00e9galement une connexion et une compr\u00e9hension entre les deux danseurs. <\/p>\n<p>[\/et_pb_text][et_pb_image src=\u00a0\u00bbhttps:\/\/aclama.be\/wp-content\/uploads\/2022\/06\/Couple-dancing-tango-photo-by-Maksym-Kaharlytskyi.jpeg\u00a0\u00bb alt=\u00a0\u00bbCouple dancing tango &#8211; photo by Maksym Kaharlytskyi\u00a0\u00bb title_text=\u00a0\u00bbCouple dancing tango &#8211; photo by Maksym Kaharlytskyi\u00a0\u00bb align=\u00a0\u00bbcenter\u00a0\u00bb _builder_version=\u00a0\u00bb4.17.4&Prime; _module_preset=\u00a0\u00bbdefault\u00a0\u00bb global_colors_info=\u00a0\u00bb{}\u00a0\u00bb][\/et_pb_image][\/et_pb_column][\/et_pb_row][et_pb_row _builder_version=\u00a0\u00bb4.17.4&Prime; _module_preset=\u00a0\u00bbdefault\u00a0\u00bb custom_padding=\u00a0\u00bb45px||40px|||\u00a0\u00bb global_colors_info=\u00a0\u00bb{}\u00a0\u00bb][et_pb_column type=\u00a0\u00bb4_4&Prime; _builder_version=\u00a0\u00bb4.17.4&Prime; _module_preset=\u00a0\u00bbdefault\u00a0\u00bb global_colors_info=\u00a0\u00bb{}\u00a0\u00bb][et_pb_text _builder_version=\u00a0\u00bb4.17.4&Prime; _module_preset=\u00a0\u00bbdefault\u00a0\u00bb min_height=\u00a0\u00bb57px\u00a0\u00bb global_colors_info=\u00a0\u00bb{}\u00a0\u00bb]<\/p>\n<h2>D\u00e9veloppement de la perception et \u00ab\u00a0\u00e9coute active\u00a0\u00bb &#8211; premier aspect<\/h2>\n<p>[\/et_pb_text][et_pb_text _builder_version=\u00a0\u00bb4.17.4&Prime; _module_preset=\u00a0\u00bbdefault\u00a0\u00bb custom_margin=\u00a0\u00bb||50px|||\u00a0\u00bb custom_padding=\u00a0\u00bb||0px|||\u00a0\u00bb global_colors_info=\u00a0\u00bb{}\u00a0\u00bb]<\/p>\n<p>En entrant dans le domaine de la <strong>partie r\u00e9ceptive<\/strong>, le plus important sera de <strong>d\u00e9velopper la perception de la musique<\/strong>. C&rsquo;est-\u00e0-dire prendre conscience du type d&rsquo;informations ou de d\u00e9tails que nous pouvons extraire de la musique que nous \u00e9coutons. Nous appelons cela \u00ab\u00a0<strong>l&rsquo;\u00e9coute active<\/strong> <strong>.<\/strong>\u00ab\u00a0<\/p>\n<p>L&rsquo;acte d&rsquo;\u00e9couter est li\u00e9 au sensoriel, mais l&rsquo;\u00e9coute active consiste \u00e0 \u00e9duquer l&rsquo;attention par l&rsquo;\u00e9coute et \u00e0 passer par le processus d&rsquo;interpr\u00e9tation ou de compr\u00e9hension des informations fournies par la musique.<\/p>\n<p>Au cours de ce processus, nous commen\u00e7ons par d\u00e9couvrir la musique et ses sons, de mani\u00e8re basique, li\u00e9s au sensoriel.<\/p>\n<p>Dans un deuxi\u00e8me temps, nous reconnaissons le langage musical, ses aspects techniques et expressifs. Et nous nous arr\u00eatons pour y r\u00e9fl\u00e9chir de mani\u00e8re analytique, quel que soit notre niveau de connaissances musicales.<\/p>\n<p>Enfin, en guise de conclusion, nous devrions r\u00e9fl\u00e9chir au lien entre cette musique et nos propres exp\u00e9riences et \u00e9motions. De cette fa\u00e7on, nous obtiendrons notre propre appr\u00e9ciation et une critique musicale.<\/p>\n<p>[\/et_pb_text][et_pb_image src=\u00a0\u00bbhttps:\/\/aclama.be\/wp-content\/uploads\/2022\/06\/Man-listening-music-Photo-by-Dollar-Gill.jpeg\u00a0\u00bb alt=\u00a0\u00bbMan listening music &#8211; Photo by Dollar Gill\u00a0\u00bb title_text=\u00a0\u00bbMan listening music &#8211; Photo by Dollar Gill\u00a0\u00bb align=\u00a0\u00bbcenter\u00a0\u00bb _builder_version=\u00a0\u00bb4.17.4&Prime; _module_preset=\u00a0\u00bbdefault\u00a0\u00bb custom_margin=\u00a0\u00bb||50px|||\u00a0\u00bb global_colors_info=\u00a0\u00bb{}\u00a0\u00bb][\/et_pb_image][et_pb_text _builder_version=\u00a0\u00bb4.17.4&Prime; _module_preset=\u00a0\u00bbdefault\u00a0\u00bb global_colors_info=\u00a0\u00bb{}\u00a0\u00bb]<\/p>\n<p>Le d\u00e9veloppement de la perception et de l&rsquo;appr\u00e9ciation facilitera l&rsquo;acquisition de connaissances musicales. Il contribue, en quelque sorte, \u00e0 g\u00e9n\u00e9rer une sorte de \u00ab\u00a0catalogue interne personnel\u00a0\u00bb dans lequel nous stockons des connaissances, des sensations et des r\u00e9flexes ou r\u00e9actions. Tout cela avec des degr\u00e9s croissants d&rsquo;\u00e9laboration.<\/p>\n<p>Enfin, lorsqu&rsquo;il s&rsquo;agira de danser, nous serons en mesure d&rsquo;appliquer ce catalogue d&rsquo;informations musicales de mani\u00e8re fluide, et sans avoir besoin d&rsquo;une concentration extr\u00eame.<\/p>\n<p>[\/et_pb_text][\/et_pb_column][\/et_pb_row][et_pb_row _builder_version=\u00a0\u00bb4.17.4&Prime; _module_preset=\u00a0\u00bbdefault\u00a0\u00bb global_colors_info=\u00a0\u00bb{}\u00a0\u00bb][et_pb_column type=\u00a0\u00bb4_4&Prime; _builder_version=\u00a0\u00bb4.17.4&Prime; _module_preset=\u00a0\u00bbdefault\u00a0\u00bb global_colors_info=\u00a0\u00bb{}\u00a0\u00bb][et_pb_text _builder_version=\u00a0\u00bb4.17.4&Prime; _module_preset=\u00a0\u00bbdefault\u00a0\u00bb global_colors_info=\u00a0\u00bb{}\u00a0\u00bb]<\/p>\n<h2>Expression corporelle &#8211; deuxi\u00e8me aspect<\/h2>\n<p>[\/et_pb_text][et_pb_text _builder_version=\u00a0\u00bb4.17.4&Prime; _module_preset=\u00a0\u00bbdefault\u00a0\u00bb global_colors_info=\u00a0\u00bb{}\u00a0\u00bb]<\/p>\n<p>L&rsquo;\u00e9tape suivante dans le d\u00e9veloppement de la perception consisterait \u00e0 traduire en expression corporelle les informations, les go\u00fbts et les id\u00e9es g\u00e9n\u00e9r\u00e9s par l&rsquo;\u00e9coute.<\/p>\n<p>Il convient de pr\u00e9ciser, par exemple, <strong>qu&rsquo;\u00eatre expressif ne signifie pas n\u00e9cessairement \u00eatre extraverti et charismatique<\/strong>. <\/p>\n<p>Souvent, l&rsquo;expressivit\u00e9 peut \u00eatre subtile et interne, mais cela ne la rend pas moins interpr\u00e9tative ou expressive.<\/p>\n<p>Selon un article de l&rsquo;auteur M\u00aa \u00c1ngeles C\u00e1ceres Guill\u00e9n, publi\u00e9 par la Federaci\u00f3n de ense\u00f1anza de C.C.O.O. de Andaluc\u00eda : C&rsquo;est \u00e0 partir de 1968 que sont apparues les pratiques dites d'\u00a0\u00bbexpression corporelle\u00a0\u00bb. Ils apparaissent dans la danse, le th\u00e9\u00e2tre, l&rsquo;\u00e9ducation physique, l&rsquo;animation socioculturelle, etc. <\/p>\n<p>Dans son article, il partage quelques d\u00e9finitions d&rsquo;autres auteurs :<\/p>\n<p>[\/et_pb_text][et_pb_text _builder_version=\u00a0\u00bb4.17.4&Prime; _module_preset=\u00a0\u00bbdefault\u00a0\u00bb global_colors_info=\u00a0\u00bb{}\u00a0\u00bb]<\/p>\n<blockquote>\n<p>\u00ab\u00a0L&rsquo;expression corporelle pourrait \u00eatre l&rsquo;expression de la pens\u00e9e par le mouvement, avec une intentionnalit\u00e9 communicative.\u00a0\u00bb (Tom\u00e1s Motos)<\/p>\n<\/blockquote>\n<p>[\/et_pb_text][et_pb_text _builder_version=\u00a0\u00bb4.17.4&Prime; _module_preset=\u00a0\u00bbdefault\u00a0\u00bb global_colors_info=\u00a0\u00bb{}\u00a0\u00bb]<\/p>\n<blockquote>\n<p> \u00ab\u00a0L&rsquo;expression corporelle est une discipline qui nous permet de trouver, \u00e0 travers l&rsquo;\u00e9tude et l&rsquo;approfondissement de l&rsquo;utilisation du corps, un langage qui nous est propre.\u00a0\u00bb (Marta Schinca)<\/p>\n<\/blockquote>\n<p>[\/et_pb_text][et_pb_text _builder_version=\u00a0\u00bb4.17.4&Prime; _module_preset=\u00a0\u00bbdefault\u00a0\u00bb global_colors_info=\u00a0\u00bb{}\u00a0\u00bb]<\/p>\n<p>Cette derni\u00e8re phrase est la plus importante de mon point de vue, car elle renvoie exactement au m\u00eame objectif que celui que je veux <strong>mettre en avant dans la musicalit\u00e9<\/strong> : <strong>le<\/strong> <strong>langage lui-m\u00eame<\/strong>.<\/p>\n<p>[\/et_pb_text][et_pb_image src=\u00a0\u00bbhttps:\/\/aclama.be\/wp-content\/uploads\/2022\/06\/Professional-tango-dancers-photo-by-Preillumination-SeTh.jpeg\u00a0\u00bb alt=\u00a0\u00bbProfessional tango dancers &#8211; photo by Preillumination SeTh\u00a0\u00bb title_text=\u00a0\u00bbProfessional tango dancers &#8211; photo by Preillumination SeTh\u00a0\u00bb align=\u00a0\u00bbcenter\u00a0\u00bb _builder_version=\u00a0\u00bb4.17.4&Prime; _module_preset=\u00a0\u00bbdefault\u00a0\u00bb custom_padding=\u00a0\u00bb48px|||||\u00a0\u00bb global_colors_info=\u00a0\u00bb{}\u00a0\u00bb][\/et_pb_image][\/et_pb_column][\/et_pb_row][\/et_pb_section][et_pb_section fb_built=\u00a0\u00bb1&Prime; _builder_version=\u00a0\u00bb4.17.4&Prime; _module_preset=\u00a0\u00bbdefault\u00a0\u00bb global_colors_info=\u00a0\u00bb{}\u00a0\u00bb][et_pb_row _builder_version=\u00a0\u00bb4.17.4&Prime; _module_preset=\u00a0\u00bbdefault\u00a0\u00bb global_colors_info=\u00a0\u00bb{}\u00a0\u00bb][et_pb_column type=\u00a0\u00bb4_4&Prime; _builder_version=\u00a0\u00bb4.17.4&Prime; _module_preset=\u00a0\u00bbdefault\u00a0\u00bb global_colors_info=\u00a0\u00bb{}\u00a0\u00bb][et_pb_text _builder_version=\u00a0\u00bb4.17.4&Prime; _module_preset=\u00a0\u00bbdefault\u00a0\u00bb global_colors_info=\u00a0\u00bb{}\u00a0\u00bb]<\/p>\n<h2>Comment travailler la musicalit\u00e9 ?<\/h2>\n<p>[\/et_pb_text][et_pb_text _builder_version=\u00a0\u00bb4.17.4&Prime; _module_preset=\u00a0\u00bbdefault\u00a0\u00bb global_colors_info=\u00a0\u00bb{}\u00a0\u00bb]<\/p>\n<p>Tout au long de la formation d&rsquo;un \u00e9tudiant en danse, il est essentiel de travailler \u00e0 l&rsquo;acquisition de la capacit\u00e9 \u00e0 danser par une ex\u00e9cution technique correcte. <\/p>\n<p>Mais il est \u00e9galement essentiel de d\u00e9velopper la bonne perception musicale qui permet d&rsquo;\u00e9tablir un lien \u00e9motionnel entre la musique et la danse.<\/p>\n<p><strong>La musicalit\u00e9 est quelque chose qui s&rsquo;apprend et s&rsquo;int\u00e8gre facilement<\/strong> <strong>en la travaillant et<\/strong><strong>en la comprenant<\/strong>.<\/p>\n<p>Pour cela, il est recommand\u00e9 de travailler et de d\u00e9velopper <strong>les points les plus importants pour la danse du tango<\/strong>. <\/p>\n<p>Parmi eux : le rythme, les accents, le tempo, la m\u00e9lodie, l&rsquo;accompagnement, la forme ou la structure, l&rsquo;instrumentation, la dynamique, le contrepoint, les styles de chaque orchestre, etc.<\/p>\n<p>[\/et_pb_text][et_pb_text _builder_version=\u00a0\u00bb4.17.4&Prime; _module_preset=\u00a0\u00bbdefault\u00a0\u00bb global_colors_info=\u00a0\u00bb{}\u00a0\u00bb]<\/p>\n<p>\u200b\u200bIl convient de noter que <strong>lorsque l&rsquo;on danse<\/strong><strong>,<\/strong> <strong>il est conseill\u00e9 d&rsquo;oublier compl\u00e8tement la partie analytique de la musique.<\/strong> \u00catre trop mental quand on danse est souvent contre-productif pour la musicalit\u00e9 du moment lui-m\u00eame. <\/p>\n<p>Nous avons d\u00e9j\u00e0 travaill\u00e9 sur la partie analytique en temps voulu et l&rsquo;avons int\u00e9gr\u00e9e. Et par cons\u00e9quent, nous n&rsquo;aurons pas besoin d&rsquo;analyser constamment, mais <strong>ce que nous avons appris<\/strong><strong>nous permettra de faire<\/strong> <strong>le processus inconsciemment en temps r\u00e9el<\/strong>.<\/p>\n<p>[\/et_pb_text][\/et_pb_column][\/et_pb_row][\/et_pb_section][et_pb_section fb_built=\u00a0\u00bb1&Prime; _builder_version=\u00a0\u00bb4.17.4&Prime; _module_preset=\u00a0\u00bbdefault\u00a0\u00bb global_colors_info=\u00a0\u00bb{}\u00a0\u00bb][et_pb_row _builder_version=\u00a0\u00bb4.17.4&Prime; _module_preset=\u00a0\u00bbdefault\u00a0\u00bb global_colors_info=\u00a0\u00bb{}\u00a0\u00bb][et_pb_column type=\u00a0\u00bb4_4&Prime; _builder_version=\u00a0\u00bb4.17.4&Prime; _module_preset=\u00a0\u00bbdefault\u00a0\u00bb global_colors_info=\u00a0\u00bb{}\u00a0\u00bb][et_pb_text _builder_version=\u00a0\u00bb4.17.4&Prime; _module_preset=\u00a0\u00bbdefault\u00a0\u00bb hover_enabled=\u00a0\u00bb0&Prime; global_colors_info=\u00a0\u00bb{}\u00a0\u00bb sticky_enabled=\u00a0\u00bb0&Prime;]<\/p>\n<p>Si vous souhaitez am\u00e9liorer votre musicalit\u00e9, consultez notre <a href=\"https:\/\/aclama.be\/musicality-course\/\" target=\"_blank\" rel=\"noopener\">cours de musicalit\u00e9<\/a>, il vous aidera \u00e0 <strong>d\u00e9velopper ces concepts de mani\u00e8re simple et pratique<\/strong> (<a href=\"https:\/\/aclama.be\/musicality-course\/\" target=\"_blank\" rel=\"noopener\">en savoir plus<\/a>).<\/p>\n<p>[\/et_pb_text][et_pb_text _builder_version=\u00a0\u00bb4.17.4&Prime; _module_preset=\u00a0\u00bbdefault\u00a0\u00bb global_colors_info=\u00a0\u00bb{}\u00a0\u00bb]<\/p>\n<p>Vous serez peut-\u00eatre int\u00e9ress\u00e9 par le chapitre pr\u00e9c\u00e9dent : <strong>Qu&rsquo;est-ce que la musicalit\u00e9 ?<\/strong> dans lequel nous avons parl\u00e9 de la <a href=\"https:\/\/aclama.be\/what-is-musicality\/\">musicalit\u00e9 dans la parole, la po\u00e9sie, la danse et d&rsquo;autres arts<\/a><b>.<\/b><\/p>\n<p>[\/et_pb_text][et_pb_text _builder_version=\u00a0\u00bb4.17.4&Prime; _module_preset=\u00a0\u00bbdefault\u00a0\u00bb global_colors_info=\u00a0\u00bb{}\u00a0\u00bb]<\/p>\n<p>Consultez nos <a href=\"https:\/\/aclama.be\/fr\/blog\/\">articles les plus r\u00e9cents<\/a>.<\/p>\n<p>[\/et_pb_text][\/et_pb_column][\/et_pb_row][\/et_pb_section]<\/p>\n","protected":false},"excerpt":{"rendered":"<p>Cet article a \u00e9t\u00e9 \u00e9crit par Camilo C\u00f3rdoba, et est disponible en fran\u00e7ais et en espa\u00f1ol.Dans ce chapitre, nous allons analyser le point peut-\u00eatre le plus pertinent de la musicalit\u00e9 : La musicalit\u00e9 dans la danse. Nous parlerons de l&rsquo;\u00e9coute active, del&rsquo;expression corporelleet de la fa\u00e7on de travailler la musicalit\u00e9.Qu\u2019 est-ce que la Musicalit\u00e9 ?Comme [&hellip;]<\/p>\n","protected":false},"author":1,"featured_media":30249,"comment_status":"closed","ping_status":"closed","sticky":false,"template":"","format":"standard","meta":{"_et_pb_use_builder":"on","_et_pb_old_content":"","_et_gb_content_width":"","footnotes":""},"categories":[54],"tags":[57,60,62,59,61,55,56,48],"class_list":["post-30264","post","type-post","status-publish","format-standard","has-post-thumbnail","hentry","category-musique-et-danse","tag-danse","tag-lecoute-active","tag-lexpression-corporelle","tag-la-musicalite-dans-la-danse","tag-la-musicalite-dans-le-tango","tag-musicalite","tag-musique","tag-tango"],"yoast_head":"<!-- This site is optimized with the Yoast SEO plugin v27.5 - https:\/\/yoast.com\/product\/yoast-seo-wordpress\/ -->\n<title>Musicalit\u00e9 - aclama.be<\/title>\n<meta name=\"description\" content=\"Analyse du point le plus pertinent de la musicalit\u00e9 : La musicalit\u00e9 dans la danse. l&#039;\u00e9coute active, de l&#039;expression corporelle et de la fa\u00e7on de travailler la musicalit\u00e9.\" \/>\n<meta name=\"robots\" content=\"index, nofollow, max-snippet:-1, max-image-preview:large, max-video-preview:-1\" \/>\n<link rel=\"canonical\" href=\"https:\/\/aclama.be\/fr\/musicalite\/\" \/>\n<meta property=\"og:locale\" content=\"fr_FR\" \/>\n<meta property=\"og:type\" content=\"article\" \/>\n<meta property=\"og:title\" content=\"Musicalit\u00e9 - aclama.be\" \/>\n<meta property=\"og:description\" content=\"Analyse du point le plus pertinent de la musicalit\u00e9 : La musicalit\u00e9 dans la danse. l&#039;\u00e9coute active, de l&#039;expression corporelle et de la fa\u00e7on de travailler la musicalit\u00e9.\" \/>\n<meta property=\"og:url\" content=\"https:\/\/aclama.be\/fr\/musicalite\/\" \/>\n<meta property=\"og:site_name\" content=\"aclama.be\" \/>\n<meta property=\"article:published_time\" content=\"2022-06-15T22:39:43+00:00\" \/>\n<meta property=\"article:modified_time\" content=\"2022-06-25T16:58:21+00:00\" \/>\n<meta property=\"og:image\" content=\"https:\/\/aclama.be\/wp-content\/uploads\/2022\/06\/Professional-tango-dancers-Thumbnail-by-Preillumination-SeTh.jpeg\" \/>\n\t<meta property=\"og:image:width\" content=\"100\" \/>\n\t<meta property=\"og:image:height\" content=\"84\" \/>\n\t<meta property=\"og:image:type\" content=\"image\/jpeg\" \/>\n<meta name=\"author\" content=\"aclama.be\" \/>\n<meta name=\"twitter:card\" content=\"summary_large_image\" \/>\n<meta name=\"twitter:label1\" content=\"\u00c9crit par\" \/>\n\t<meta name=\"twitter:data1\" content=\"aclama.be\" \/>\n\t<meta name=\"twitter:label2\" content=\"Dur\u00e9e de lecture estim\u00e9e\" \/>\n\t<meta name=\"twitter:data2\" content=\"7 minutes\" \/>\n<script type=\"application\/ld+json\" class=\"yoast-schema-graph\">{\"@context\":\"https:\\\/\\\/schema.org\",\"@graph\":[{\"@type\":\"Article\",\"@id\":\"https:\\\/\\\/aclama.be\\\/fr\\\/musicalite\\\/#article\",\"isPartOf\":{\"@id\":\"https:\\\/\\\/aclama.be\\\/fr\\\/musicalite\\\/\"},\"author\":{\"name\":\"aclama.be\",\"@id\":\"https:\\\/\\\/aclama.be\\\/fr\\\/#\\\/schema\\\/person\\\/b934a1c013bab1303b691c2719f053c8\"},\"headline\":\"Musicalit\u00e9\",\"datePublished\":\"2022-06-15T22:39:43+00:00\",\"dateModified\":\"2022-06-25T16:58:21+00:00\",\"mainEntityOfPage\":{\"@id\":\"https:\\\/\\\/aclama.be\\\/fr\\\/musicalite\\\/\"},\"wordCount\":2330,\"publisher\":{\"@id\":\"https:\\\/\\\/aclama.be\\\/fr\\\/#organization\"},\"image\":{\"@id\":\"https:\\\/\\\/aclama.be\\\/fr\\\/musicalite\\\/#primaryimage\"},\"thumbnailUrl\":\"https:\\\/\\\/aclama.be\\\/wp-content\\\/uploads\\\/2022\\\/06\\\/Professional-tango-dancers-Thumbnail-by-Preillumination-SeTh.jpeg\",\"keywords\":[\"Danse\",\"l'\u00e9coute active\",\"l'expression corporelle\",\"La musicalit\u00e9 dans la danse\",\"La musicalit\u00e9 dans le tango\",\"Musicalit\u00e9\",\"Musique\",\"Tango\"],\"articleSection\":[\"Musique et danse\"],\"inLanguage\":\"fr-FR\"},{\"@type\":\"WebPage\",\"@id\":\"https:\\\/\\\/aclama.be\\\/fr\\\/musicalite\\\/\",\"url\":\"https:\\\/\\\/aclama.be\\\/fr\\\/musicalite\\\/\",\"name\":\"Musicalit\u00e9 - aclama.be\",\"isPartOf\":{\"@id\":\"https:\\\/\\\/aclama.be\\\/fr\\\/#website\"},\"primaryImageOfPage\":{\"@id\":\"https:\\\/\\\/aclama.be\\\/fr\\\/musicalite\\\/#primaryimage\"},\"image\":{\"@id\":\"https:\\\/\\\/aclama.be\\\/fr\\\/musicalite\\\/#primaryimage\"},\"thumbnailUrl\":\"https:\\\/\\\/aclama.be\\\/wp-content\\\/uploads\\\/2022\\\/06\\\/Professional-tango-dancers-Thumbnail-by-Preillumination-SeTh.jpeg\",\"datePublished\":\"2022-06-15T22:39:43+00:00\",\"dateModified\":\"2022-06-25T16:58:21+00:00\",\"description\":\"Analyse du point le plus pertinent de la musicalit\u00e9 : La musicalit\u00e9 dans la danse. l'\u00e9coute active, de l'expression corporelle et de la fa\u00e7on de travailler la musicalit\u00e9.\",\"breadcrumb\":{\"@id\":\"https:\\\/\\\/aclama.be\\\/fr\\\/musicalite\\\/#breadcrumb\"},\"inLanguage\":\"fr-FR\",\"potentialAction\":[{\"@type\":\"ReadAction\",\"target\":[\"https:\\\/\\\/aclama.be\\\/fr\\\/musicalite\\\/\"]}]},{\"@type\":\"ImageObject\",\"inLanguage\":\"fr-FR\",\"@id\":\"https:\\\/\\\/aclama.be\\\/fr\\\/musicalite\\\/#primaryimage\",\"url\":\"https:\\\/\\\/aclama.be\\\/wp-content\\\/uploads\\\/2022\\\/06\\\/Professional-tango-dancers-Thumbnail-by-Preillumination-SeTh.jpeg\",\"contentUrl\":\"https:\\\/\\\/aclama.be\\\/wp-content\\\/uploads\\\/2022\\\/06\\\/Professional-tango-dancers-Thumbnail-by-Preillumination-SeTh.jpeg\",\"width\":100,\"height\":84,\"caption\":\"Professional tango dancers -Thumbnail - by Preillumination SeTh\"},{\"@type\":\"BreadcrumbList\",\"@id\":\"https:\\\/\\\/aclama.be\\\/fr\\\/musicalite\\\/#breadcrumb\",\"itemListElement\":[{\"@type\":\"ListItem\",\"position\":1,\"name\":\"Home\",\"item\":\"https:\\\/\\\/aclama.be\\\/fr\\\/\"},{\"@type\":\"ListItem\",\"position\":2,\"name\":\"Musicalit\u00e9\"}]},{\"@type\":\"WebSite\",\"@id\":\"https:\\\/\\\/aclama.be\\\/fr\\\/#website\",\"url\":\"https:\\\/\\\/aclama.be\\\/fr\\\/\",\"name\":\"aclama.be\",\"description\":\"Aclama Music &amp; Arts\",\"publisher\":{\"@id\":\"https:\\\/\\\/aclama.be\\\/fr\\\/#organization\"},\"potentialAction\":[{\"@type\":\"SearchAction\",\"target\":{\"@type\":\"EntryPoint\",\"urlTemplate\":\"https:\\\/\\\/aclama.be\\\/fr\\\/?s={search_term_string}\"},\"query-input\":{\"@type\":\"PropertyValueSpecification\",\"valueRequired\":true,\"valueName\":\"search_term_string\"}}],\"inLanguage\":\"fr-FR\"},{\"@type\":\"Organization\",\"@id\":\"https:\\\/\\\/aclama.be\\\/fr\\\/#organization\",\"name\":\"ACLAMA\",\"url\":\"https:\\\/\\\/aclama.be\\\/fr\\\/\",\"logo\":{\"@type\":\"ImageObject\",\"inLanguage\":\"fr-FR\",\"@id\":\"https:\\\/\\\/aclama.be\\\/fr\\\/#\\\/schema\\\/logo\\\/image\\\/\",\"url\":\"https:\\\/\\\/aclama.be\\\/wp-content\\\/uploads\\\/2022\\\/06\\\/Logo-circular-comp.png\",\"contentUrl\":\"https:\\\/\\\/aclama.be\\\/wp-content\\\/uploads\\\/2022\\\/06\\\/Logo-circular-comp.png\",\"width\":394,\"height\":415,\"caption\":\"ACLAMA\"},\"image\":{\"@id\":\"https:\\\/\\\/aclama.be\\\/fr\\\/#\\\/schema\\\/logo\\\/image\\\/\"},\"sameAs\":[\"https:\\\/\\\/www.youtube.com\\\/user\\\/estilonomade\"]},{\"@type\":\"Person\",\"@id\":\"https:\\\/\\\/aclama.be\\\/fr\\\/#\\\/schema\\\/person\\\/b934a1c013bab1303b691c2719f053c8\",\"name\":\"aclama.be\",\"image\":{\"@type\":\"ImageObject\",\"inLanguage\":\"fr-FR\",\"@id\":\"https:\\\/\\\/secure.gravatar.com\\\/avatar\\\/50812f38565aadd19d7270619f9a5b1af962404538c8b9e96b38ae41b5ee5bb9?s=96&d=mm&r=g\",\"url\":\"https:\\\/\\\/secure.gravatar.com\\\/avatar\\\/50812f38565aadd19d7270619f9a5b1af962404538c8b9e96b38ae41b5ee5bb9?s=96&d=mm&r=g\",\"contentUrl\":\"https:\\\/\\\/secure.gravatar.com\\\/avatar\\\/50812f38565aadd19d7270619f9a5b1af962404538c8b9e96b38ae41b5ee5bb9?s=96&d=mm&r=g\",\"caption\":\"aclama.be\"},\"sameAs\":[\"http:\\\/\\\/eo0czarqvz.preview.infomaniak.website\"],\"url\":\"https:\\\/\\\/aclama.be\\\/fr\\\/author\\\/aclama-be\\\/\"}]}<\/script>\n<!-- \/ Yoast SEO plugin. -->","yoast_head_json":{"title":"Musicalit\u00e9 - aclama.be","description":"Analyse du point le plus pertinent de la musicalit\u00e9 : La musicalit\u00e9 dans la danse. l'\u00e9coute active, de l'expression corporelle et de la fa\u00e7on de travailler la musicalit\u00e9.","robots":{"index":"index","follow":"nofollow","max-snippet":"max-snippet:-1","max-image-preview":"max-image-preview:large","max-video-preview":"max-video-preview:-1"},"canonical":"https:\/\/aclama.be\/fr\/musicalite\/","og_locale":"fr_FR","og_type":"article","og_title":"Musicalit\u00e9 - aclama.be","og_description":"Analyse du point le plus pertinent de la musicalit\u00e9 : La musicalit\u00e9 dans la danse. l'\u00e9coute active, de l'expression corporelle et de la fa\u00e7on de travailler la musicalit\u00e9.","og_url":"https:\/\/aclama.be\/fr\/musicalite\/","og_site_name":"aclama.be","article_published_time":"2022-06-15T22:39:43+00:00","article_modified_time":"2022-06-25T16:58:21+00:00","og_image":[{"width":100,"height":84,"url":"https:\/\/aclama.be\/wp-content\/uploads\/2022\/06\/Professional-tango-dancers-Thumbnail-by-Preillumination-SeTh.jpeg","type":"image\/jpeg"}],"author":"aclama.be","twitter_card":"summary_large_image","twitter_misc":{"\u00c9crit par":"aclama.be","Dur\u00e9e de lecture estim\u00e9e":"7 minutes"},"schema":{"@context":"https:\/\/schema.org","@graph":[{"@type":"Article","@id":"https:\/\/aclama.be\/fr\/musicalite\/#article","isPartOf":{"@id":"https:\/\/aclama.be\/fr\/musicalite\/"},"author":{"name":"aclama.be","@id":"https:\/\/aclama.be\/fr\/#\/schema\/person\/b934a1c013bab1303b691c2719f053c8"},"headline":"Musicalit\u00e9","datePublished":"2022-06-15T22:39:43+00:00","dateModified":"2022-06-25T16:58:21+00:00","mainEntityOfPage":{"@id":"https:\/\/aclama.be\/fr\/musicalite\/"},"wordCount":2330,"publisher":{"@id":"https:\/\/aclama.be\/fr\/#organization"},"image":{"@id":"https:\/\/aclama.be\/fr\/musicalite\/#primaryimage"},"thumbnailUrl":"https:\/\/aclama.be\/wp-content\/uploads\/2022\/06\/Professional-tango-dancers-Thumbnail-by-Preillumination-SeTh.jpeg","keywords":["Danse","l'\u00e9coute active","l'expression corporelle","La musicalit\u00e9 dans la danse","La musicalit\u00e9 dans le tango","Musicalit\u00e9","Musique","Tango"],"articleSection":["Musique et danse"],"inLanguage":"fr-FR"},{"@type":"WebPage","@id":"https:\/\/aclama.be\/fr\/musicalite\/","url":"https:\/\/aclama.be\/fr\/musicalite\/","name":"Musicalit\u00e9 - aclama.be","isPartOf":{"@id":"https:\/\/aclama.be\/fr\/#website"},"primaryImageOfPage":{"@id":"https:\/\/aclama.be\/fr\/musicalite\/#primaryimage"},"image":{"@id":"https:\/\/aclama.be\/fr\/musicalite\/#primaryimage"},"thumbnailUrl":"https:\/\/aclama.be\/wp-content\/uploads\/2022\/06\/Professional-tango-dancers-Thumbnail-by-Preillumination-SeTh.jpeg","datePublished":"2022-06-15T22:39:43+00:00","dateModified":"2022-06-25T16:58:21+00:00","description":"Analyse du point le plus pertinent de la musicalit\u00e9 : La musicalit\u00e9 dans la danse. l'\u00e9coute active, de l'expression corporelle et de la fa\u00e7on de travailler la musicalit\u00e9.","breadcrumb":{"@id":"https:\/\/aclama.be\/fr\/musicalite\/#breadcrumb"},"inLanguage":"fr-FR","potentialAction":[{"@type":"ReadAction","target":["https:\/\/aclama.be\/fr\/musicalite\/"]}]},{"@type":"ImageObject","inLanguage":"fr-FR","@id":"https:\/\/aclama.be\/fr\/musicalite\/#primaryimage","url":"https:\/\/aclama.be\/wp-content\/uploads\/2022\/06\/Professional-tango-dancers-Thumbnail-by-Preillumination-SeTh.jpeg","contentUrl":"https:\/\/aclama.be\/wp-content\/uploads\/2022\/06\/Professional-tango-dancers-Thumbnail-by-Preillumination-SeTh.jpeg","width":100,"height":84,"caption":"Professional tango dancers -Thumbnail - by Preillumination SeTh"},{"@type":"BreadcrumbList","@id":"https:\/\/aclama.be\/fr\/musicalite\/#breadcrumb","itemListElement":[{"@type":"ListItem","position":1,"name":"Home","item":"https:\/\/aclama.be\/fr\/"},{"@type":"ListItem","position":2,"name":"Musicalit\u00e9"}]},{"@type":"WebSite","@id":"https:\/\/aclama.be\/fr\/#website","url":"https:\/\/aclama.be\/fr\/","name":"aclama.be","description":"Aclama Music &amp; Arts","publisher":{"@id":"https:\/\/aclama.be\/fr\/#organization"},"potentialAction":[{"@type":"SearchAction","target":{"@type":"EntryPoint","urlTemplate":"https:\/\/aclama.be\/fr\/?s={search_term_string}"},"query-input":{"@type":"PropertyValueSpecification","valueRequired":true,"valueName":"search_term_string"}}],"inLanguage":"fr-FR"},{"@type":"Organization","@id":"https:\/\/aclama.be\/fr\/#organization","name":"ACLAMA","url":"https:\/\/aclama.be\/fr\/","logo":{"@type":"ImageObject","inLanguage":"fr-FR","@id":"https:\/\/aclama.be\/fr\/#\/schema\/logo\/image\/","url":"https:\/\/aclama.be\/wp-content\/uploads\/2022\/06\/Logo-circular-comp.png","contentUrl":"https:\/\/aclama.be\/wp-content\/uploads\/2022\/06\/Logo-circular-comp.png","width":394,"height":415,"caption":"ACLAMA"},"image":{"@id":"https:\/\/aclama.be\/fr\/#\/schema\/logo\/image\/"},"sameAs":["https:\/\/www.youtube.com\/user\/estilonomade"]},{"@type":"Person","@id":"https:\/\/aclama.be\/fr\/#\/schema\/person\/b934a1c013bab1303b691c2719f053c8","name":"aclama.be","image":{"@type":"ImageObject","inLanguage":"fr-FR","@id":"https:\/\/secure.gravatar.com\/avatar\/50812f38565aadd19d7270619f9a5b1af962404538c8b9e96b38ae41b5ee5bb9?s=96&d=mm&r=g","url":"https:\/\/secure.gravatar.com\/avatar\/50812f38565aadd19d7270619f9a5b1af962404538c8b9e96b38ae41b5ee5bb9?s=96&d=mm&r=g","contentUrl":"https:\/\/secure.gravatar.com\/avatar\/50812f38565aadd19d7270619f9a5b1af962404538c8b9e96b38ae41b5ee5bb9?s=96&d=mm&r=g","caption":"aclama.be"},"sameAs":["http:\/\/eo0czarqvz.preview.infomaniak.website"],"url":"https:\/\/aclama.be\/fr\/author\/aclama-be\/"}]}},"_links":{"self":[{"href":"https:\/\/aclama.be\/fr\/wp-json\/wp\/v2\/posts\/30264","targetHints":{"allow":["GET"]}}],"collection":[{"href":"https:\/\/aclama.be\/fr\/wp-json\/wp\/v2\/posts"}],"about":[{"href":"https:\/\/aclama.be\/fr\/wp-json\/wp\/v2\/types\/post"}],"author":[{"embeddable":true,"href":"https:\/\/aclama.be\/fr\/wp-json\/wp\/v2\/users\/1"}],"replies":[{"embeddable":true,"href":"https:\/\/aclama.be\/fr\/wp-json\/wp\/v2\/comments?post=30264"}],"version-history":[{"count":17,"href":"https:\/\/aclama.be\/fr\/wp-json\/wp\/v2\/posts\/30264\/revisions"}],"predecessor-version":[{"id":30375,"href":"https:\/\/aclama.be\/fr\/wp-json\/wp\/v2\/posts\/30264\/revisions\/30375"}],"wp:featuredmedia":[{"embeddable":true,"href":"https:\/\/aclama.be\/fr\/wp-json\/wp\/v2\/media\/30249"}],"wp:attachment":[{"href":"https:\/\/aclama.be\/fr\/wp-json\/wp\/v2\/media?parent=30264"}],"wp:term":[{"taxonomy":"category","embeddable":true,"href":"https:\/\/aclama.be\/fr\/wp-json\/wp\/v2\/categories?post=30264"},{"taxonomy":"post_tag","embeddable":true,"href":"https:\/\/aclama.be\/fr\/wp-json\/wp\/v2\/tags?post=30264"}],"curies":[{"name":"wp","href":"https:\/\/api.w.org\/{rel}","templated":true}]}}